{"id":704,"date":"2020-04-03T01:03:24","date_gmt":"2020-04-03T01:03:24","guid":{"rendered":"https:\/\/www.cesariogarcia.com\/?p=704"},"modified":"2020-04-05T17:30:10","modified_gmt":"2020-04-05T17:30:10","slug":"haja-luz","status":"publish","type":"post","link":"https:\/\/www.cesariogarcia.com\/?p=704","title":{"rendered":"Haja Luz!"},"content":{"rendered":"\n<figure class=\"wp-block-image size-large\"><img loading=\"lazy\" decoding=\"async\" width=\"1024\" height=\"700\" src=\"https:\/\/www.cesariogarcia.com\/wp-content\/uploads\/2020\/04\/Haja-Luz-1024x700.jpeg\" alt=\"Haja Luz!\" class=\"wp-image-705\" srcset=\"https:\/\/www.cesariogarcia.com\/wp-content\/uploads\/2020\/04\/Haja-Luz-1024x700.jpeg 1024w, https:\/\/www.cesariogarcia.com\/wp-content\/uploads\/2020\/04\/Haja-Luz-300x205.jpeg 300w, https:\/\/www.cesariogarcia.com\/wp-content\/uploads\/2020\/04\/Haja-Luz-768x525.jpeg 768w, https:\/\/www.cesariogarcia.com\/wp-content\/uploads\/2020\/04\/Haja-Luz-1536x1050.jpeg 1536w, https:\/\/www.cesariogarcia.com\/wp-content\/uploads\/2020\/04\/Haja-Luz-2048x1400.jpeg 2048w\" sizes=\"auto, (max-width: 767px) 89vw, (max-width: 1000px) 54vw, (max-width: 1071px) 543px, 580px\" \/><figcaption>Haja Luz!<\/figcaption><\/figure>\n\n\n\n<figure class=\"wp-block-audio\"><audio controls src=\"https:\/\/www.cesariogarcia.com\/wp-content\/uploads\/2020\/04\/Haja-Luz.mp3\"><\/audio><\/figure>\n\n\n\n<p class=\"wp-block-paragraph\">Vamos a caminho da terceira semana em que, caiu sobre o mundo um ataque inesperado de um \u201cinimigo\u201d que se abriga nas trevas e \u00e9 impiedoso no seu ataque \u00e0 sa\u00fade de todos n\u00f3s, qualquer que seja a sua idade. A nossa vida social e profissional teve que se adaptar de um dia para o outro, \u00e0s circunst\u00e2ncias desta guerra. Sou um amante da hist\u00f3ria, estudo e reflito bastante sobre a Segunda Grande Guerra Mundial e os desafios que esta colocou ao ser Humano, desde os seus atos mais perversos at\u00e9 ao melhor da boa vontade e engenhosidade do ser Humano na supress\u00e3o da \u201cescurid\u00e3o\u201d. Muitos dos document\u00e1rios que vi e viagens pela Europa que fiz relativos \u00e0 Segunda Grande Guerra, n\u00e3o me prepararam para tal, nem nunca sequer pensei viver dias assim em pleno s\u00e9culo XXI num Portugal e numa Europa que se querem no topo do mundo. Gente a morrer em lares e os seus cuidadores a desertarem das suas fun\u00e7\u00f5es, servi\u00e7os de sa\u00fade no limite em que m\u00e9dicos, enfermeiros e outros profissionais de sa\u00fade n\u00e3o possuem \u201cescopo\u201d e \u201cmartelo\u201d para cuidar e tratar dos seus doentes tendo no limite de decidir quem vive e quem morre, escolas a fechar que fariam chorar de tristeza \u201cHypatia\u201d na sua Biblioteca de Alexandria, filas para comprar bens essenciais, lojas fechadas, produtos que damos como adquiridos no nosso dia a dia esgotados, um abra\u00e7o, um beijo, um aperto de m\u00e3o inexistentes de amigos e fam\u00edlia. E \u00e9 na escurid\u00e3o que surgem pequenos apontamentos de Luz, no ordin\u00e1rio se v\u00ea o extraordin\u00e1rio, por todo o pa\u00eds e pelo mundo veem-se pessoas que d\u00e3o o melhor de si e do que t\u00eam, empresas que se adaptaram e que combatem ferozmente na produ\u00e7\u00e3o das \u201carmas\u201d para matar este \u201cinimigo\u201d cobarde, uma sociedade que na sua maioria possui \u201cverticalidade\u201d c\u00edvica, ficando em casa e respeitando as leis impostas. Cito Winston Churchill no seu discurso mais conhecido como \u201c<strong>Lutaremos nas Praias<\/strong>\u201d, em que diz \u201c<strong>Iremos at\u00e9 ao fim. Lutaremos na Fran\u00e7a. Lutaremos nos mares e oceanos, lutaremos com confian\u00e7a crescente e for\u00e7a crescente no ar, defenderemos a nossa ilha, qualquer que seja o custo. Lutaremos nas praias, lutaremos nos terrenos de desembarque, lutaremos nos campos e nas ruas, lutaremos nas colinas; nunca nos renderemos<\/strong>\u201d, enfim lutaremos tamb\u00e9m n\u00f3s todos juntos irradiando a nossa Luz. Brevemente estaremos juntos.<\/p>\n","protected":false},"excerpt":{"rendered":"<p>Vamos a caminho da terceira semana em que, caiu sobre o mundo um ataque inesperado de um \u201cinimigo\u201d que se abriga nas trevas<\/p>\n","protected":false},"author":1,"featured_media":0,"comment_status":"open","ping_status":"open","sticky":false,"template":"","format":"standard","meta":{"_crdt_document":"","footnotes":""},"categories":[257],"tags":[259,258],"class_list":["post-704","post","type-post","status-publish","format-standard","hentry","category-reflexoes","tag-259","tag-covid"],"_links":{"self":[{"href":"https:\/\/www.cesariogarcia.com\/index.php?rest_route=\/wp\/v2\/posts\/704","targetHints":{"allow":["GET"]}}],"collection":[{"href":"https:\/\/www.cesariogarcia.com\/index.php?rest_route=\/wp\/v2\/posts"}],"about":[{"href":"https:\/\/www.cesariogarcia.com\/index.php?rest_route=\/wp\/v2\/types\/post"}],"author":[{"embeddable":true,"href":"https:\/\/www.cesariogarcia.com\/index.php?rest_route=\/wp\/v2\/users\/1"}],"replies":[{"embeddable":true,"href":"https:\/\/www.cesariogarcia.com\/index.php?rest_route=%2Fwp%2Fv2%2Fcomments&post=704"}],"version-history":[{"count":8,"href":"https:\/\/www.cesariogarcia.com\/index.php?rest_route=\/wp\/v2\/posts\/704\/revisions"}],"predecessor-version":[{"id":780,"href":"https:\/\/www.cesariogarcia.com\/index.php?rest_route=\/wp\/v2\/posts\/704\/revisions\/780"}],"wp:attachment":[{"href":"https:\/\/www.cesariogarcia.com\/index.php?rest_route=%2Fwp%2Fv2%2Fmedia&parent=704"}],"wp:term":[{"taxonomy":"category","embeddable":true,"href":"https:\/\/www.cesariogarcia.com\/index.php?rest_route=%2Fwp%2Fv2%2Fcategories&post=704"},{"taxonomy":"post_tag","embeddable":true,"href":"https:\/\/www.cesariogarcia.com\/index.php?rest_route=%2Fwp%2Fv2%2Ftags&post=704"}],"curies":[{"name":"wp","href":"https:\/\/api.w.org\/{rel}","templated":true}]}}