{"id":57,"date":"2008-02-29T00:55:57","date_gmt":"2008-02-29T00:55:57","guid":{"rendered":"http:\/\/cesariohomens.wordpress.com\/?p=57"},"modified":"2017-12-01T17:54:27","modified_gmt":"2017-12-01T17:54:27","slug":"quando-a-politica-inspira-a-vida","status":"publish","type":"post","link":"https:\/\/www.cesariogarcia.com\/?p=57","title":{"rendered":"Quando a pol\u00edtica inspira a vida&#8230;"},"content":{"rendered":"<p style=\"text-align:justify;\">Existem realmente poucos momentos como este, mas no passado dia 8 de Janeiro, em New Hampshire, o discurso do senador democrata Barack Obama inspirou e conquistou o cora\u00e7\u00e3o dos Black Eyed Peas. Realmente o nosso mundo precisa de uma mudan\u00e7a!<\/p>\n<p>\u201cYes We Can\u201d<\/p>\n<p><a title=\"Yes we Can Song\" href=\"http:\/\/www.yeswecansong.com\" target=\"_blank\">http:\/\/www.yeswecansong.com<\/a><\/p>\n<p><iframe loading=\"lazy\" title=\"YES WE CAN - New Approaches - Entertainment - EMMY WINNER\" width=\"525\" height=\"295\" src=\"https:\/\/www.youtube.com\/embed\/SsV2O4fCgjk?feature=oembed\" frameborder=\"0\" allow=\"accelerometer; autoplay; clipboard-write; encrypted-media; gyroscope; picture-in-picture; web-share\" referrerpolicy=\"strict-origin-when-cross-origin\" allowfullscreen><\/iframe><\/p>\n","protected":false},"excerpt":{"rendered":"<p>Existem realmente poucos momentos como este, mas no passado dia 8 de Janeiro, em New Hampshire, o discurso do senador democrata Barack Obama inspirou e conquistou o cora\u00e7\u00e3o dos Black Eyed Peas. Realmente o nosso mundo precisa de uma mudan\u00e7a! \u201cYes We Can\u201d http:\/\/www.yeswecansong.com<\/p>\n","protected":false},"author":1,"featured_media":0,"comment_status":"open","ping_status":"open","sticky":false,"template":"","format":"standard","meta":{"_crdt_document":"","footnotes":""},"categories":[13,15,17,18],"tags":[51,54,66,106,171,181,241,246],"class_list":["post-57","post","type-post","status-publish","format-standard","hentry","category-internet","category-literatura","category-musica","category-politica","tag-barack","tag-black","tag-can","tag-eyed","tag-obama","tag-peas","tag-we","tag-yes"],"_links":{"self":[{"href":"https:\/\/www.cesariogarcia.com\/index.php?rest_route=\/wp\/v2\/posts\/57","targetHints":{"allow":["GET"]}}],"collection":[{"href":"https:\/\/www.cesariogarcia.com\/index.php?rest_route=\/wp\/v2\/posts"}],"about":[{"href":"https:\/\/www.cesariogarcia.com\/index.php?rest_route=\/wp\/v2\/types\/post"}],"author":[{"embeddable":true,"href":"https:\/\/www.cesariogarcia.com\/index.php?rest_route=\/wp\/v2\/users\/1"}],"replies":[{"embeddable":true,"href":"https:\/\/www.cesariogarcia.com\/index.php?rest_route=%2Fwp%2Fv2%2Fcomments&post=57"}],"version-history":[{"count":2,"href":"https:\/\/www.cesariogarcia.com\/index.php?rest_route=\/wp\/v2\/posts\/57\/revisions"}],"predecessor-version":[{"id":566,"href":"https:\/\/www.cesariogarcia.com\/index.php?rest_route=\/wp\/v2\/posts\/57\/revisions\/566"}],"wp:attachment":[{"href":"https:\/\/www.cesariogarcia.com\/index.php?rest_route=%2Fwp%2Fv2%2Fmedia&parent=57"}],"wp:term":[{"taxonomy":"category","embeddable":true,"href":"https:\/\/www.cesariogarcia.com\/index.php?rest_route=%2Fwp%2Fv2%2Fcategories&post=57"},{"taxonomy":"post_tag","embeddable":true,"href":"https:\/\/www.cesariogarcia.com\/index.php?rest_route=%2Fwp%2Fv2%2Ftags&post=57"}],"curies":[{"name":"wp","href":"https:\/\/api.w.org\/{rel}","templated":true}]}}